{"id":179,"date":"2025-08-31T11:13:17","date_gmt":"2025-08-31T14:13:17","guid":{"rendered":"https:\/\/cileneagostinho.com.br\/blog\/?p=179"},"modified":"2025-09-10T19:06:22","modified_gmt":"2025-09-10T22:06:22","slug":"estar-bem-vestida-o-te-deixa-bem","status":"publish","type":"post","link":"https:\/\/cileneagostinho.com.br\/blog\/estar-bem-vestida-o-te-deixa-bem\/","title":{"rendered":"ESTAR BEM VESTIDA (O)\u00a0 TE DEIXA BEM!"},"content":{"rendered":"\n<p><\/p>\n\n\n<div class=\"wp-block-image\">\n<figure class=\"aligncenter size-large is-resized\"><img loading=\"lazy\" decoding=\"async\" width=\"1024\" height=\"682\" src=\"https:\/\/cileneagostinho.com.br\/blog\/wp-content\/uploads\/2025\/08\/77511-1024x682.jpg\" alt=\"\" class=\"wp-image-182\" style=\"width:503px;height:auto\" srcset=\"https:\/\/cileneagostinho.com.br\/blog\/wp-content\/uploads\/2025\/08\/77511-1024x682.jpg 1024w, https:\/\/cileneagostinho.com.br\/blog\/wp-content\/uploads\/2025\/08\/77511-300x200.jpg 300w, https:\/\/cileneagostinho.com.br\/blog\/wp-content\/uploads\/2025\/08\/77511-768x512.jpg 768w, https:\/\/cileneagostinho.com.br\/blog\/wp-content\/uploads\/2025\/08\/77511.jpg 1280w\" sizes=\"auto, (max-width: 1024px) 100vw, 1024px\" \/><figcaption class=\"wp-element-caption\">Fonte: Elisandra Riva Fotografia<\/figcaption><\/figure>\n<\/div>\n\n\n<p>\u00c9 comprovado cientificamente, que estar bem vestido, aumenta nossa capacidade de produzir, seja no trabalho ou em outras \u00e1reas da nossa vida.<\/p>\n\n\n\n<p>O conceito, desenvolvido por <em>Adam e Galinsky,<\/em> explora como a roupa influencia os processos mentais e comportamentais de uma pessoa. A teoria da <strong><em>cogni\u00e7\u00e3o vestida<\/em><\/strong> sugere que a roupa que vestimos pode afetar a nossa psicologia, incluindo a nossa autoestima, confian\u00e7a e at\u00e9 mesmo a nossa capacidade de concentra\u00e7\u00e3o.<\/p>\n\n\n\n<p>As mudan\u00e7as podem acontecer de fora para dentro.<\/p>\n\n\n\n<p>Ao se vestir, a primeira coisa que olhamos, \u00e9 no espelho, e nos deixar\u00e1 de certa forma autoconfiantes.<\/p>\n\n\n\n<p>Abra\u00e7os estilosos!<\/p>\n\n\n<div class=\"wp-block-image\">\n<figure class=\"aligncenter size-large is-resized\"><img loading=\"lazy\" decoding=\"async\" width=\"1024\" height=\"577\" src=\"https:\/\/cileneagostinho.com.br\/blog\/wp-content\/uploads\/2025\/08\/Blog-1024x577.webp\" alt=\"Fonte: ig.com.br\" class=\"wp-image-196\" style=\"width:501px;height:auto\" srcset=\"https:\/\/cileneagostinho.com.br\/blog\/wp-content\/uploads\/2025\/08\/Blog-1024x577.webp 1024w, https:\/\/cileneagostinho.com.br\/blog\/wp-content\/uploads\/2025\/08\/Blog-300x169.webp 300w, https:\/\/cileneagostinho.com.br\/blog\/wp-content\/uploads\/2025\/08\/Blog-768x433.webp 768w, https:\/\/cileneagostinho.com.br\/blog\/wp-content\/uploads\/2025\/08\/Blog.webp 1278w\" sizes=\"auto, (max-width: 1024px) 100vw, 1024px\" \/><figcaption class=\"wp-element-caption\"><a href=\"https:\/\/inmagazine.ig.com.br\/beleza\/celebridades-brasileiras-encantam-em-cannes-com-beleza-e-estilo-marcantes\/\">https:\/\/inmagazine.ig.com.br\/beleza\/celebridades-brasileiras-encantam-em-cannes-com-beleza-e-estilo-marcantes\/<\/a><\/figcaption><\/figure>\n<\/div>\n\n\n<p><\/p>\n","protected":false},"excerpt":{"rendered":"<p>\u00c9 comprovado cientificamente, que estar bem vestido, aumenta nossa capacidade de produzir, seja [&hellip;]<\/p>\n","protected":false},"author":1,"featured_media":0,"comment_status":"open","ping_status":"open","sticky":false,"template":"","format":"standard","meta":{"footnotes":""},"categories":[1],"tags":[5,4],"class_list":["post-179","post","type-post","status-publish","format-standard","hentry","category-dicas-de-moda","tag-bem-estar","tag-moda"],"_links":{"self":[{"href":"https:\/\/cileneagostinho.com.br\/blog\/wp-json\/wp\/v2\/posts\/179","targetHints":{"allow":["GET"]}}],"collection":[{"href":"https:\/\/cileneagostinho.com.br\/blog\/wp-json\/wp\/v2\/posts"}],"about":[{"href":"https:\/\/cileneagostinho.com.br\/blog\/wp-json\/wp\/v2\/types\/post"}],"author":[{"embeddable":true,"href":"https:\/\/cileneagostinho.com.br\/blog\/wp-json\/wp\/v2\/users\/1"}],"replies":[{"embeddable":true,"href":"https:\/\/cileneagostinho.com.br\/blog\/wp-json\/wp\/v2\/comments?post=179"}],"version-history":[{"count":8,"href":"https:\/\/cileneagostinho.com.br\/blog\/wp-json\/wp\/v2\/posts\/179\/revisions"}],"predecessor-version":[{"id":197,"href":"https:\/\/cileneagostinho.com.br\/blog\/wp-json\/wp\/v2\/posts\/179\/revisions\/197"}],"wp:attachment":[{"href":"https:\/\/cileneagostinho.com.br\/blog\/wp-json\/wp\/v2\/media?parent=179"}],"wp:term":[{"taxonomy":"category","embeddable":true,"href":"https:\/\/cileneagostinho.com.br\/blog\/wp-json\/wp\/v2\/categories?post=179"},{"taxonomy":"post_tag","embeddable":true,"href":"https:\/\/cileneagostinho.com.br\/blog\/wp-json\/wp\/v2\/tags?post=179"}],"curies":[{"name":"wp","href":"https:\/\/api.w.org\/{rel}","templated":true}]}}